{"id":4597,"date":"2026-04-16T13:48:48","date_gmt":"2026-04-16T11:48:48","guid":{"rendered":"https:\/\/pfe-trade.com\/sv\/?post_type=news&#038;p=4597"},"modified":"2026-04-28T15:37:21","modified_gmt":"2026-04-28T13:37:21","slug":"checklista-for-lyckade-pelargonevent","status":"publish","type":"news","link":"https:\/\/pfe-trade.com\/sv\/news\/checklista-for-lyckade-pelargonevent\/","title":{"rendered":"Checklista f\u00f6r lyckade pelargonevent"},"content":{"rendered":"<div class=\"wpb-content-wrapper\"><p>[vc_row][vc_column][vc_custom_heading text=&#8221;1. S\u00e4tt m\u00e5l, m\u00e5lgrupp och format f\u00f6r eventet&#8221; use_theme_fonts=&#8221;yes&#8221; css=&#8221;&#8221;][vc_column_text css=&#8221;&#8221;]<\/p>\n<ul>\n<li>S\u00e4tt tydliga m\u00e5l, exempelvis att locka fler kunder, n\u00e5 en ny m\u00e5lgrupp eller \u00f6ka f\u00f6rs\u00e4ljningen<\/li>\n<li>Identifiera din m\u00e5lgrupp, till exempel nya balkong\u00e4gare, yngre kunder, DIY-fantaster eller stamkunder<\/li>\n<li>V\u00e4lj ett passande uppl\u00e4gg. Det kan till exempel vara planteringsaktiviteter med en planteringsstation i butik, r\u00e5dgivning, DIY-workshops eller temakampanjer s\u00e5 som \u201den insektsv\u00e4nlig balkong\u201d<\/li>\n<li>Anpassa omfattningen efter f\u00f6ruts\u00e4ttningarna, ett st\u00f6rre event eller en mindre kampanjyta<\/li>\n<\/ul>\n<p>[\/vc_column_text][\/vc_column][\/vc_row][vc_row][vc_column][vc_custom_heading text=&#8221;2. V\u00e4lj datum med omsorg&#8221; use_theme_fonts=&#8221;yes&#8221; css=&#8221;&#8221;][vc_column_text css=&#8221;&#8221;]<\/p>\n<ul>\n<li>L\u00e4gg eventet under pelargonens huvuds\u00e4song (april\u2013juni)<\/li>\n<li>V\u00e4lj ett datum som passar m\u00e5lgruppen, personalen och f\u00f6rv\u00e4ntat antal bes\u00f6kare<br \/>\n\u2022 Helg: ofta fler bes\u00f6kare<br \/>\n\u2022 Vardag: lugnare tempo, mer tid f\u00f6r r\u00e5dgivning eller en planteringsstation<\/li>\n<li>Ta h\u00e4nsyn till v\u00e4der och plats<br \/>\n\u2022 Planera ett alternativ till utomhusytorna<br \/>\n\u2022 Se \u00f6ver m\u00f6jligheter till v\u00e4derskyddade l\u00f6sningar<\/li>\n<li>Kontrollera s\u00e5 att det inte krockar med andra evenemang i omr\u00e5det<br \/>\n\u2022 Stadsfester och lokala event<br \/>\n\u2022 Semesterperioder<\/li>\n<li>Avs\u00e4tt tillr\u00e4ckligt med tid f\u00f6r marknadsf\u00f6ring<\/li>\n<li>Anpassa eventets l\u00e4ngd efter f\u00f6ruts\u00e4ttningarna, till exempel ett tre timmar l\u00e5ngt kampanjtillf\u00e4lle<br \/>\nist\u00e4llet f\u00f6r ett heldagsevent<\/li>\n<\/ul>\n<p>[\/vc_column_text][\/vc_column][\/vc_row][vc_row][vc_column][vc_custom_heading text=&#8221;3. Planera v\u00e4xter och ytor&#8221; use_theme_fonts=&#8221;yes&#8221; css=&#8221;&#8221;][vc_column_text css=&#8221;&#8221;]<\/p>\n<ul>\n<li>S\u00e4kerst\u00e4ll tillr\u00e4ckliga volymer av pelargoner och kompletterande v\u00e4xter f\u00f6r kampanjytan, sj\u00e4lva<br \/>\naktiviteten och f\u00f6r \u00f6kad f\u00f6rs\u00e4ljning \u2013 best\u00e4ll i god tid<\/li>\n<li>Planera f\u00f6r logistik och p\u00e5fyllning under kampanjperioden<\/li>\n<li>Ha kompletterande produkter redo, s\u00e5 som krukor, jord och g\u00f6dsel\/n\u00e4ring<\/li>\n<li>Placera kampanjytan p\u00e5 en v\u00e4l synlig plats i butiken<\/li>\n<li>Inspirera kunderna med tydliga exponeringar, till exempel:<br \/>\n\u2022 f\u00e4rdiga planteringar i balkongl\u00e5dor eller krukor<br \/>\n\u2022 temaytor f\u00f6r balkonger och uteplatser<br \/>\n\u2022 genomt\u00e4nkta f\u00e4rgkombinationer<br \/>\n\u2022 insektv\u00e4nliga planteringar<\/li>\n<\/ul>\n<p>[\/vc_column_text][\/vc_column][\/vc_row][vc_row][vc_column][vc_custom_heading text=&#8221;4. Planera bemanningen realistiskt&#8221; use_theme_fonts=&#8221;yes&#8221; css=&#8221;&#8221;][vc_column_text css=&#8221;&#8221;]<\/p>\n<ul>\n<li>Ber\u00e4kna personalbehov f\u00f6r f\u00f6rberedelser, uppbyggnad och r\u00e5dgivning<\/li>\n<li>Planera in raster och ers\u00e4ttare<\/li>\n<li>S\u00e4kerst\u00e4ll att det finns tillr\u00e4cklig kompetens p\u00e5 plats, till exempel kring plantering, val av sort, placering och sk\u00f6tsel. F\u00f6rbered och utbilda personalen i f\u00f6rv\u00e4g. Utf\u00f6rlig information om pelargoner finns till exempel p\u00e5 <a href=\"https:\/\/pelargonium-for-europe.com\/sv\/\">https:\/\/pelargonium-for-europe.com\/sv\/<\/a><\/li>\n<li>F\u00f6rdela ansvarsomr\u00e5den tydligt inom teamet, exempelvis med r\u00e5dgivning, kassa och planteringsservice<\/li>\n<li>Ta h\u00e4nsyn till tider med h\u00f6g belastning<\/li>\n<li>F\u00f6rbered enklare alternativ vid l\u00e5g bemanning, till exempel en g\u00f6r-det-sj\u00e4lv-station eller fasta tider f\u00f6r<br \/>\nr\u00e5dgivning<\/li>\n<\/ul>\n<p>[\/vc_column_text][\/vc_column][\/vc_row][vc_row][vc_column][vc_custom_heading text=&#8221;5. V\u00e4lj praktiska eventformat&#8221; use_theme_fonts=&#8221;yes&#8221; css=&#8221;&#8221;][vc_column_text css=&#8221;&#8221;]<\/p>\n<ul>\n<li>Erbjud planteringsaktiviteter med r\u00e5dgivning, f\u00f6r exempelvis plantering i balkongl\u00e5dor eller krukor som kunderna tar med sig eller k\u00f6per p\u00e5 plats, samt hj\u00e4lp med val av v\u00e4xter och kombinationer<\/li>\n<li>Skapa kampanjytor i samband med starten av balkong- och terrass\u00e4songen<\/li>\n<li>Planera temabaserade aktiviteter, till exempel:<br \/>\n\u2022 insektv\u00e4nliga balkonger och krukplanteringar<br \/>\n\u2022 f\u00e4rgkoncept f\u00f6r balkonger och terrasser<br \/>\n\u2022 l\u00e4ttsk\u00f6tta v\u00e4xtkombinationer<\/li>\n<li>Lyft h\u00e5llbarhetsteman, till exempel genom att kombinera med \u00f6rter eller g\u00f6ra egna insektshotell<\/li>\n<li>T\u00e4nk p\u00e5 ytor som fungerar f\u00f6r sociala medier, till exempel fotoh\u00f6rnor eller inspirerande planteringar<\/li>\n<\/ul>\n<p>[\/vc_column_text][\/vc_column][\/vc_row][vc_row][vc_column][vc_custom_heading text=&#8221;6. Marknadsf\u00f6r och kommunicera eventet&#8221; use_theme_fonts=&#8221;yes&#8221; css=&#8221;&#8221;][vc_column_text css=&#8221;&#8221;]<\/p>\n<ul>\n<li>Informera om eventet i god tid, g\u00e4rna flera veckor i f\u00f6rv\u00e4g<\/li>\n<li>Anv\u00e4nd flera kanaler i kombination:<br \/>\n\u2022 sociala medier<br \/>\n\u2022 den egna webbplatsen<br \/>\n\u2022 nyhetsbrev<br \/>\n\u2022 annonser i lokalpress<br \/>\n\u2022 skyltning och affischer i butik<br \/>\n\u2022 flyers eller information vid kassan<\/li>\n<li>Erbjud anm\u00e4lan vid workshops eller planteringsaktiviteter, online eller i butik<\/li>\n<li>Vid st\u00f6rre satsningar, informera eller bjud in lokalmedia, s\u00e5som lokala tidningar, lokalradio eller lokala nyhetssajter<\/li>\n<li>Skicka ute en p\u00e5minnelse n\u00e4r eventet n\u00e4rmar sig, till exempel via sociala medier eller nyhetsbrev<\/li>\n<\/ul>\n<p>[\/vc_column_text][\/vc_column][\/vc_row][vc_row][vc_column][vc_custom_heading text=&#8221;7. Dokumentera eventet p\u00e5 plats&#8221; use_theme_fonts=&#8221;yes&#8221; css=&#8221;&#8221;][vc_column_text css=&#8221;&#8221;]<\/p>\n<ul>\n<li>Ta bilder under eventet, till exempel av aktivitetsytan, planteringsmoment och f\u00e4rdiga planteringar<\/li>\n<li>Samla in feedback fr\u00e5n kunder<\/li>\n<li>Spela in korta filmer, till exempel planteringssteg, r\u00e5dgivningstillf\u00e4llen eller st\u00e4mningsbilder<\/li>\n<li>Publicera inneh\u00e5ll i sociala medier under eventets g\u00e5ng<\/li>\n<li>Viktigt: s\u00e4kerst\u00e4ll att samtycke finns fr\u00e5n personer som syns p\u00e5 bild<\/li>\n<\/ul>\n<p>[\/vc_column_text][\/vc_column][\/vc_row][vc_row][vc_column][vc_custom_heading text=&#8221;8. F\u00f6lj upp efter eventet&#8221; use_theme_fonts=&#8221;yes&#8221; css=&#8221;&#8221;][vc_column_text css=&#8221;&#8221;]<\/p>\n<ul>\n<li>Spara bilder f\u00f6r framtida anv\u00e4ndning, till exempel p\u00e5 webbplats, i sociala medier eller inf\u00f6r n\u00e4sta event<\/li>\n<li>Utv\u00e4rdera deltagarantal och f\u00f6rs\u00e4ljningsresultat<\/li>\n<li>\u00c5teranv\u00e4nd bilder och inneh\u00e5ll i kommande kommunikation<\/li>\n<li>Utveckla och f\u00f6rb\u00e4ttra uppl\u00e4gget inf\u00f6r n\u00e4sta s\u00e4song<\/li>\n<\/ul>\n<p>[\/vc_column_text][\/vc_column][\/vc_row][vc_row][vc_column][vc_custom_heading text=&#8221;Snabb check (kortversion f\u00f6r intensiva perioder)&#8221; use_theme_fonts=&#8221;yes&#8221; css=&#8221;&#8221;][vc_column_text css=&#8221;&#8221;]\u2714 M\u00e5l definierat<br \/>\n\u2714 Datum lagt under pelargonens huvuds\u00e4song<br \/>\n\u2714 V\u00e4xter och kompletterande produkter p\u00e5 plats<br \/>\n\u2714 Bemanning planerad realistiskt<br \/>\n\u2714 Eventet tydligt marknadsf\u00f6rt<br \/>\n\u2714 M\u00f6jlighet till digital anm\u00e4lan?<br \/>\n\u2714 Uppf\u00f6ljning planerad[\/vc_column_text][\/vc_column][\/vc_row]<\/p><\/div><div class=\"acf-fields-container\" data-post-id=\"4597\" data-canto-acf=\"true\"><\/div><style>\r\n        .acf-fields-container {\r\n            margin: 2em 0;\r\n            width: 100%;\r\n            clear: both;\r\n        }\r\n        .acf-field-image {\r\n            margin: 1.5em 0;\r\n            position: relative;\r\n        }\r\n        .acf-field-label {\r\n            margin-bottom: 1em;\r\n        }\r\n        .acf-image {\r\n            max-width: 100%;\r\n            height: auto;\r\n            display: block;\r\n            margin: 1em 0;\r\n        }\r\n    <\/style>","protected":false},"excerpt":{"rendered":"<p>[vc_row][vc_column][vc_custom_heading text=&#8221;1. S\u00e4tt m\u00e5l, m\u00e5lgrupp och format f\u00f6r eventet&#8221; use_theme_fonts=&#8221;yes&#8221; css=&#8221;&#8221;][vc_column_text css=&#8221;&#8221;] S\u00e4tt tydliga m\u00e5l, exempelvis att locka fler kunder, n\u00e5 en ny m\u00e5lgrupp eller \u00f6ka f\u00f6rs\u00e4ljningen Identifiera din m\u00e5lgrupp, till exempel nya balkong\u00e4gare, yngre kunder, DIY-fantaster eller stamkunder V\u00e4lj ett passande uppl\u00e4gg. Det kan till exempel vara planteringsaktiviteter med en planteringsstation i butik, r\u00e5dgivning, [&hellip;]<\/p>\n","protected":false},"featured_media":4598,"template":"","news_cat":[92,102],"class_list":["post-4597","news","type-news","status-publish","has-post-thumbnail","hentry","news_cat-pos-material","news_cat-sales-marketing-strategies"],"acf":[],"_links":{"self":[{"href":"https:\/\/pfe-trade.com\/sv\/wp-json\/wp\/v2\/news\/4597","targetHints":{"allow":["GET"]}}],"collection":[{"href":"https:\/\/pfe-trade.com\/sv\/wp-json\/wp\/v2\/news"}],"about":[{"href":"https:\/\/pfe-trade.com\/sv\/wp-json\/wp\/v2\/types\/news"}],"version-history":[{"count":3,"href":"https:\/\/pfe-trade.com\/sv\/wp-json\/wp\/v2\/news\/4597\/revisions"}],"predecessor-version":[{"id":4608,"href":"https:\/\/pfe-trade.com\/sv\/wp-json\/wp\/v2\/news\/4597\/revisions\/4608"}],"wp:featuredmedia":[{"embeddable":true,"href":"https:\/\/pfe-trade.com\/sv\/wp-json\/wp\/v2\/media\/4598"}],"wp:attachment":[{"href":"https:\/\/pfe-trade.com\/sv\/wp-json\/wp\/v2\/media?parent=4597"}],"wp:term":[{"taxonomy":"news_cat","embeddable":true,"href":"https:\/\/pfe-trade.com\/sv\/wp-json\/wp\/v2\/news_cat?post=4597"}],"curies":[{"name":"wp","href":"https:\/\/api.w.org\/{rel}","templated":true}]}}