{"id":4338,"date":"2024-02-05T12:48:11","date_gmt":"2024-02-05T11:48:11","guid":{"rendered":"https:\/\/pfe-trade.com\/hu\/?post_type=news&#038;p=4338"},"modified":"2024-02-05T12:48:11","modified_gmt":"2024-02-05T11:48:11","slug":"muskatli-a-virag-amely-meg-a-perzselo-nyari-szarazsagot-is-tuleli","status":"publish","type":"news","link":"https:\/\/pfe-trade.com\/hu\/news\/muskatli-a-virag-amely-meg-a-perzselo-nyari-szarazsagot-is-tuleli\/","title":{"rendered":"Musk\u00e1tli: a vir\u00e1g, amely m\u00e9g a perzsel\u0151 ny\u00e1ri sz\u00e1razs\u00e1got is t\u00fal\u00e9li"},"content":{"rendered":"<div class=\"wpb-content-wrapper\"><p>[vc_row][vc_column][vc_column_text]<\/p>\n<div>\n<p class=\"Default\"><b><span lang=\"HU\">A v\u00e1ltoz\u00f3 \u00e9ghajlat gyakran okoz sz\u00e1razs\u00e1got, a nyarak egyre perzsel\u0151bbek. Az ilyen, h\u0151s\u00e9grekordot d\u00f6nt\u00f6get\u0151, forr\u00f3 ny\u00e1ri napokon k\u00fcl\u00f6n\u00f6sen fontos, hogy odafigyelj\u00fcnk a n\u00f6v\u00e9nyek megfelel\u0151 gondoz\u00e1s\u00e1ra &#8211; hiszen a megfelel\u0151 v\u00edzmennyis\u00e9g elengedhetetlen minden vir\u00e1g sz\u00e1m\u00e1ra. Azonban nem mindegy, hogy milyen vir\u00e1gokkal tervez\u00fcnk a ny\u00e1ri szabads\u00e1g alatt, hiszen nem minden n\u00f6v\u00e9ny k\u00e9pes t\u00fal\u00e9lni a ny\u00e1ri meleget. T\u00f6k\u00e9letes v\u00e1laszt\u00e1s lehet a musk\u00e1tli, amely kifejezetten napim\u00e1d\u00f3 \u00e9s remek\u00fcl t\u0171ri a sz\u00e1razabb id\u0151szakokat is. <\/span><\/b><\/p>\n<\/div>\n<p>&nbsp;<\/p>\n<div>\n<p class=\"Default\"><span lang=\"HU\">M\u00edg valahol \u00f6r\u00f6mmel fogadj\u00e1k a t\u00f6bb naps\u00fct\u00e9st, egyes ter\u00fcleteken olyan kellemetlen a meleg, hogy az asz\u00e1ly n\u00f6vekv\u0151 kock\u00e1zata kih\u00edv\u00e1st jelent a kert\u00e9szek sz\u00e1m\u00e1ra, akik a rendszeres csapad\u00e9kra t\u00e1maszkodnak, hogy a n\u00f6v\u00e9nyek \u00e9letben maradjanak \u00e9s a lehet\u0151 legszebb form\u00e1jukat mutass\u00e1k. Ez\u00e9rt kulcsfontoss\u00e1g\u00fa olyan vir\u00e1gokkal is tervezni, amelyek k\u00e9pesek elviselni a hossz\u00fa ideig tart\u00f3 ny\u00e1ri cs\u00facsh\u0151m\u00e9rs\u00e9kletet \u00e9s nem kell b\u00facs\u00fat inten\u00fcnk a sz\u00ednpomp\u00e1s kertekt\u0151l ebben az id\u0151szakban sem. A musk\u00e1tli p\u00e9ld\u00e1ul t\u00f6k\u00e9letes v\u00e1laszt\u00e1s: a d\u00e9l-afrikai eredet\u0171 mutat\u00f3s, m\u00e9gsem t\u00fal sokat ig\u00e9nyl\u0151 vir\u00e1g DNS-\u00e9ben benne van a j\u00f3 t\u0171r\u0151k\u00e9pess\u00e9g a sz\u00e1razs\u00e1ggal szemben, \u00e9s kifejezetten napim\u00e1d\u00f3. A Pelargonium for Europe szak\u00e9rt\u0151i elmagyar\u00e1zz\u00e1k, hogy mi\u00e9rt ide\u00e1lis v\u00e1laszt\u00e1s a musk\u00e1tli a legnagyobb melegben is.\u00a0 <\/span><\/p>\n<\/div>\n<p>[\/vc_column_text][\/vc_column][\/vc_row][vc_row][vc_column][vc_custom_heading text=&#8221;Megb\u00edzhat\u00f3 ny\u00e1ri kedvencek&#8221; use_theme_fonts=&#8221;yes&#8221;][vc_column_text]<\/p>\n<div>\n<p class=\"Default\"><span lang=\"HU\">L\u00e1tv\u00e1nyos vir\u00e1gaival \u00e9s illatos leveleivel a musk\u00e1tli sok kert\u00e9sz sz\u00e1m\u00e1ra klasszikusan az igazi els\u0151 n\u00f6v\u00e9ny:<b> <\/b>k\u00f6nnyen gondozhat\u00f3, de sz\u00e1mos bog\u00e1rral \u00e9s betegs\u00e9ggel szemben is ellen\u00e1ll\u00f3, emellett h\u00f3napokon \u00e1t b\u0151s\u00e9gesen vir\u00e1gzik. A musk\u00e1tli nemcsak egyszer\u0171 megold\u00e1st k\u00edn\u00e1l a mutat\u00f3s vir\u00e1g\u00e1gy\u00e1sok kialak\u00edt\u00e1s\u00e1hoz, hanem ide\u00e1lis n\u00f6v\u00e9ny a k\u00fclt\u00e9ri kasp\u00f3kba \u00e9s f\u00fcgg\u0151kosarakba, illetve a napos, j\u00f3l szell\u0151z\u0151 t\u00e9likertekbe is. <\/span><\/p>\n<\/div>\n<p>Senki sem szeretn\u00e9, ha kertje elsorvadna, ha egy- vagy k\u00e9thetes szabads\u00e1gra megy a csal\u00e1d, ez\u00e9rt k\u00fcl\u00f6n\u00f6sen ide\u00e1lis sz\u00e1razs\u00e1gt\u0171r\u0151 n\u00f6v\u00e9nyekkel tervezni a ny\u00e1ri id\u0151szakra, amelyhez a musk\u00e1tli az egyik legjobb v\u00e1laszt\u00e1s[\/vc_column_text][\/vc_column][\/vc_row][vc_row][vc_column][vc_custom_heading text=&#8221;Melyik musk\u00e1tlit v\u00e1lasszam?&#8221; use_theme_fonts=&#8221;yes&#8221;][vc_column_text]<\/p>\n<div>\n<p class=\"Default\"><span lang=\"HU\">A musk\u00e1tli \u00fcltet\u00e9se legkor\u00e1bban a fagyvesz\u00e9ly elm\u00fal\u00e1sa ut\u00e1n lehets\u00e9ges. Kora tavasszal \u00e9s \u0151sszel, amikor alacsony a h\u0151m\u00e9rs\u00e9klet \u00e9s a vir\u00e1goknak csak m\u00e9rs\u00e9kelt \u00f6nt\u00f6z\u00e9sre van sz\u00fcks\u00e9g\u00fck. Ny\u00e1r k\u00f6zep\u00e9n rendszeres \u00f6nt\u00f6z\u00e9st ig\u00e9nyelnek &#8211; ennek gyakoris\u00e1ga a n\u00f6v\u00e9ny \u00e9s a cser\u00e9p vagy balkonl\u00e1da m\u00e9ret\u00e9t\u0151l f\u00fcgg. Min\u00e9l kisebb az egy n\u00f6v\u00e9nyre jut\u00f3 f\u00f6ldmennyis\u00e9g, ann\u00e1l gyakrabban kell \u00f6nt\u00f6zni. A tavasszal 10-14 naponta adagolt foly\u00e9kony m\u0171tr\u00e1gya seg\u00edt a musk\u00e1tlinak er\u0151s gy\u00f6kereket \u00e9s leveleket n\u00f6veszteni. A kert\u00e9szeknek a vir\u00e1gok megjelen\u00e9sekor k\u00e1liumban gazdag foly\u00e9kony t\u00e1poldatra kell v\u00e1ltaniuk, hogy b\u0151s\u00e9ges \u00e9s sz\u00e9p vir\u00e1gz\u00e1st \u00e9rjenek el.<\/span><\/p>\n<\/div>\n<p>[\/vc_column_text][\/vc_column][\/vc_row][vc_row][vc_column][vc_column_text]<\/p>\n<div>\n<p class=\"Default\"><span lang=\"HU\">A d\u00fas z\u00f3n\u00e1s fajta egy- vagy k\u00e9tszirm\u00fa vir\u00e1gf\u00fcrt\u00f6ket k\u00edn\u00e1l a legk\u00fcl\u00f6nf\u00e9l\u00e9bb sz\u00ednv\u00e1ltozatokban, p\u00e9ld\u00e1ul piros, lazac, r\u00f3zsasz\u00edn vagy feh\u00e9r sz\u00ednben, ide\u00e1lis a sok naps\u00fct\u00e9st kap\u00f3 \u00e1gy\u00e1sokban vagy kasp\u00f3kban el\u00fcltetni. A regal \u00e9s az angyal fajt\u00e1k hamarabb vir\u00e1goznak \u00e9s rendk\u00edv\u00fcl j\u00f3l haszn\u00e1lhat\u00f3k szobai cserepes n\u00f6v\u00e9nyk\u00e9nt vagy k\u00fclt\u00e9ri kasp\u00f3kban.<\/span><\/p>\n<\/div>\n<div>\n<p class=\"Default\"><span lang=\"HU\">\u00a0<\/span><\/p>\n<\/div>\n<div>\n<p class=\"Default\"><span lang=\"HU\">A f\u00fcgg\u0151kosarakba a borosty\u00e1nlevel\u0171 musk\u00e1tli aj\u00e1nlott, amelynek h\u00fasos levelei a kosarak oldal\u00e1n zuhatagk\u00e9nt omlanak lefel\u00e9, \u00e9s h\u00f3napokig term\u00e9kenyen vir\u00e1gzik, \u00edgy gy\u00f6ny\u00f6r\u0171 m\u00e9g j\u00f3val azut\u00e1n is, hogy m\u00e1s ny\u00e1ri vir\u00e1gkosarak m\u00e1r t\u00fal vannak a f\u00e9nykorukon.<\/span><\/p>\n<\/div>\n<div>\n<p class=\"Default\"><span lang=\"HU\">A k\u00fcl\u00f6nleges sz\u00ednek \u00e9s a kit\u0171n\u0151 sz\u00e1razs\u00e1gt\u0171r\u0151 k\u00e9pess\u00e9g mellett a musk\u00e1tli k\u00e9t nagy 2023-as trenddel is telital\u00e1latnak sz\u00e1m\u00edt: Az \u00e9v sz\u00edne a Viva Magenta &#8211; sz\u00e1mos musk\u00e1tlifajta alapsz\u00edne -, valamint a mediterr\u00e1n szabadt\u00e9ri st\u00edlus. <\/span><\/p>\n<\/div>\n<div>\n<p class=\"Default\"><span lang=\"HU\"><br \/>\nItt olvashat t\u00f6bbet a tov\u00e1bbi fajt\u00e1kr\u00f3l \u00e9s sz\u00ednekr\u0151l: <\/span><span lang=\"EN-GB\"><a href=\"https:\/\/pelargonium-for-europe.com\/hu\/blog\/a-muskatli-vilaga-fajtak-es-felhasznalasi-modjaik\/\"><span lang=\"HU\">https:\/\/pelargonium-for-europe.com\/hu\/blog\/a-muskatli-vilaga-fajtak-es-felhasznalasi-modjaik\/<\/span><\/a><\/span><\/p>\n<\/div>\n<p><strong>Az anyag felhaszn\u00e1l\u00e1sa ingyenes a Pelargonium for Europe megjel\u00f6l\u00e9s\u00e9vel. Tov\u00e1bbi tartalmak \u00e9s k\u00e9pek az al\u00e1bbi weboldalon tal\u00e1lhat\u00f3k:<\/strong> <a href=\"https:\/\/pelargonium-for-europe.com\/hu\/\">https:\/\/pelargonium-for-europe.com\/hu\/<\/a>[\/vc_column_text][\/vc_column][\/vc_row]<\/p><\/div><div class=\"acf-fields-container\" data-post-id=\"4338\" data-canto-acf=\"true\"><\/div><style>\r\n        .acf-fields-container {\r\n            margin: 2em 0;\r\n            width: 100%;\r\n            clear: both;\r\n        }\r\n        .acf-field-image {\r\n            margin: 1.5em 0;\r\n            position: relative;\r\n        }\r\n        .acf-field-label {\r\n            margin-bottom: 1em;\r\n        }\r\n        .acf-image {\r\n            max-width: 100%;\r\n            height: auto;\r\n            display: block;\r\n            margin: 1em 0;\r\n        }\r\n    <\/style>","protected":false},"excerpt":{"rendered":"<p>[vc_row][vc_column][vc_column_text] A v\u00e1ltoz\u00f3 \u00e9ghajlat gyakran okoz sz\u00e1razs\u00e1got, a nyarak egyre perzsel\u0151bbek. Az ilyen, h\u0151s\u00e9grekordot d\u00f6nt\u00f6get\u0151, forr\u00f3 ny\u00e1ri napokon k\u00fcl\u00f6n\u00f6sen fontos, hogy odafigyelj\u00fcnk a n\u00f6v\u00e9nyek megfelel\u0151 gondoz\u00e1s\u00e1ra &#8211; hiszen a megfelel\u0151 v\u00edzmennyis\u00e9g elengedhetetlen minden vir\u00e1g sz\u00e1m\u00e1ra. Azonban nem mindegy, hogy milyen vir\u00e1gokkal tervez\u00fcnk a ny\u00e1ri szabads\u00e1g alatt, hiszen nem minden n\u00f6v\u00e9ny k\u00e9pes t\u00fal\u00e9lni a ny\u00e1ri meleget. [&hellip;]<\/p>\n","protected":false},"featured_media":4342,"template":"","news_cat":[],"class_list":["post-4338","news","type-news","status-publish","has-post-thumbnail","hentry"],"acf":[],"_links":{"self":[{"href":"https:\/\/pfe-trade.com\/hu\/wp-json\/wp\/v2\/news\/4338","targetHints":{"allow":["GET"]}}],"collection":[{"href":"https:\/\/pfe-trade.com\/hu\/wp-json\/wp\/v2\/news"}],"about":[{"href":"https:\/\/pfe-trade.com\/hu\/wp-json\/wp\/v2\/types\/news"}],"version-history":[{"count":4,"href":"https:\/\/pfe-trade.com\/hu\/wp-json\/wp\/v2\/news\/4338\/revisions"}],"predecessor-version":[{"id":4343,"href":"https:\/\/pfe-trade.com\/hu\/wp-json\/wp\/v2\/news\/4338\/revisions\/4343"}],"wp:featuredmedia":[{"embeddable":true,"href":"https:\/\/pfe-trade.com\/hu\/wp-json\/wp\/v2\/media\/4342"}],"wp:attachment":[{"href":"https:\/\/pfe-trade.com\/hu\/wp-json\/wp\/v2\/media?parent=4338"}],"wp:term":[{"taxonomy":"news_cat","embeddable":true,"href":"https:\/\/pfe-trade.com\/hu\/wp-json\/wp\/v2\/news_cat?post=4338"}],"curies":[{"name":"wp","href":"https:\/\/api.w.org\/{rel}","templated":true}]}}